{"id":19783,"date":"2017-09-12T10:32:11","date_gmt":"2017-09-12T14:32:11","guid":{"rendered":"https:\/\/www.muniquintero.cl\/?p=19783"},"modified":"2017-09-12T10:32:11","modified_gmt":"2017-09-12T14:32:11","slug":"impecable-desfile-civico-militar-quintero-2017","status":"publish","type":"post","link":"https:\/\/www.muniquintero.cl\/index.php\/2017\/09\/12\/impecable-desfile-civico-militar-quintero-2017\/","title":{"rendered":"Impecable Desfile C\u00edvico-Militar Quintero 2017"},"content":{"rendered":"<p>El viernes 8 de septiembre se realiz\u00f3 en Quintero, el tradicional Desfile C\u00edvico-Militar en honor a la Independencia de Chile y la Fuerzas Armadas, con una gran participaci\u00f3n de vecinos que se agolparon a la elipse de la Plaza Ignacio Carrera Pinto, para presenciar el paso de estudiantes y organizaciones sociales.<\/p>\n<p>La ceremonia encabezada por el Alcalde Mauricio Carrasco Pardo y el Concejo Municipal, cont\u00f3 con la presencia del Senador Francisco Chahu\u00e1n, el Comandante de la Base de la Fuerza A\u00e9rea de Chile en Quintero, Coronel Rub\u00e9n Fuentealba, el Capit\u00e1n de Puerto de Quintero, Dinson Baack, el Capit\u00e1n de la Subcomisar\u00eda de Quintero Mat\u00edas Fern\u00e1ndez, El Subprefecto de la Polic\u00eda de Investigaciones, Bicrin Quintero, Marcos Qui\u00f1ones y representantes de la sociedad civil en la comuna.<\/p>\n<p>El Alcalde Mauricio Carrasco Pardo, destac\u00f3 la gran organizaci\u00f3n del evento c\u00edvico, la participaci\u00f3n de los escolares y organizaciones sociales, as\u00ed como el gran marco de p\u00fablico que presenci\u00f3 el desfile.<\/p>\n<p>Revise nuestra galer\u00eda de im\u00e1genes en el siguiente enlace:\u00a0<a href=\"https:\/\/www.facebook.com\/pg\/municipalidadquintero\/photos\/?tab=album&amp;album_id=1742697095761192\">Impecable Desfile C\u00edvico-Militar Quintero 2017<\/a><\/p>\n<p><iframe title=\"DESFILE GLORIAS DEL EJERCITO\" width=\"800\" height=\"450\" src=\"https:\/\/www.youtube.com\/embed\/YDd_jWJd34w?feature=oembed\" frameborder=\"0\" allow=\"accelerometer; autoplay; clipboard-write; encrypted-media; gyroscope; picture-in-picture\" allowfullscreen><\/iframe><\/p>\n","protected":false},"excerpt":{"rendered":"<p>El viernes 8 de septiembre se realiz\u00f3 en Quintero, el tradicional Desfile C\u00edvico-Militar en honor a la Independencia de Chile y la Fuerzas Armadas, con una gran participaci\u00f3n de vecinos que se agolparon a la elipse de la Plaza Ignacio Carrera Pinto, para presenciar el paso de estudiantes y organizaciones sociales. La ceremonia encabezada por [&hellip;]<\/p>\n","protected":false},"author":4,"featured_media":19785,"comment_status":"closed","ping_status":"closed","sticky":false,"template":"","format":"standard","meta":{"wds_primary_category":0,"footnotes":""},"categories":[1,2],"tags":[],"class_list":["post-19783","post","type-post","status-publish","format-standard","has-post-thumbnail","hentry","category-municipalidad","category-noticias"],"_links":{"self":[{"href":"https:\/\/www.muniquintero.cl\/index.php\/wp-json\/wp\/v2\/posts\/19783","targetHints":{"allow":["GET"]}}],"collection":[{"href":"https:\/\/www.muniquintero.cl\/index.php\/wp-json\/wp\/v2\/posts"}],"about":[{"href":"https:\/\/www.muniquintero.cl\/index.php\/wp-json\/wp\/v2\/types\/post"}],"author":[{"embeddable":true,"href":"https:\/\/www.muniquintero.cl\/index.php\/wp-json\/wp\/v2\/users\/4"}],"replies":[{"embeddable":true,"href":"https:\/\/www.muniquintero.cl\/index.php\/wp-json\/wp\/v2\/comments?post=19783"}],"version-history":[{"count":1,"href":"https:\/\/www.muniquintero.cl\/index.php\/wp-json\/wp\/v2\/posts\/19783\/revisions"}],"predecessor-version":[{"id":19786,"href":"https:\/\/www.muniquintero.cl\/index.php\/wp-json\/wp\/v2\/posts\/19783\/revisions\/19786"}],"wp:featuredmedia":[{"embeddable":true,"href":"https:\/\/www.muniquintero.cl\/index.php\/wp-json\/wp\/v2\/media\/19785"}],"wp:attachment":[{"href":"https:\/\/www.muniquintero.cl\/index.php\/wp-json\/wp\/v2\/media?parent=19783"}],"wp:term":[{"taxonomy":"category","embeddable":true,"href":"https:\/\/www.muniquintero.cl\/index.php\/wp-json\/wp\/v2\/categories?post=19783"},{"taxonomy":"post_tag","embeddable":true,"href":"https:\/\/www.muniquintero.cl\/index.php\/wp-json\/wp\/v2\/tags?post=19783"}],"curies":[{"name":"wp","href":"https:\/\/api.w.org\/{rel}","templated":true}]}}