{"id":19764,"date":"2017-09-05T08:38:44","date_gmt":"2017-09-05T12:38:44","guid":{"rendered":"https:\/\/www.muniquintero.cl\/?p=19764"},"modified":"2017-09-05T08:38:44","modified_gmt":"2017-09-05T12:38:44","slug":"listado-de-personas-e-instituciones-seleccionadas-fiesta-costumbrista-2017","status":"publish","type":"post","link":"https:\/\/www.muniquintero.cl\/index.php\/2017\/09\/05\/listado-de-personas-e-instituciones-seleccionadas-fiesta-costumbrista-2017\/","title":{"rendered":"Listado de personas e instituciones seleccionadas Fiesta Costumbrista 2017"},"content":{"rendered":"<p><strong>La I. Municipalidad de Quintero informa a la comunidad que luego de realizar el an\u00e1lisis de cada una de las postulaciones para participar de la Fiesta Costumbrista 2017, de acuerdo a las Bases publicadas, las personas e instituciones seleccionadas son las siguientes:<\/strong><\/p>\n<p><strong>Artesan\u00eda<\/strong><\/p>\n<p><strong>N\u00b0\u00a0\u00a0\u00a0\u00a0 NOMBRE<\/strong><\/p>\n<p><strong>1\u00a0\u00a0\u00a0\u00a0\u00a0\u00a0 Roxana Gonz\u00e1lez Escobar <\/strong><\/p>\n<p><strong>2\u00a0\u00a0\u00a0\u00a0\u00a0\u00a0 Norma Potos\u00ed Cando<\/strong><\/p>\n<p><strong>3\u00a0\u00a0\u00a0\u00a0\u00a0\u00a0 Jos\u00e9 Rafael Maldonado<\/strong><\/p>\n<p><strong>4\u00a0\u00a0\u00a0\u00a0\u00a0\u00a0 Blanca Potos\u00ed Cando <\/strong><\/p>\n<p><strong>5\u00a0\u00a0\u00a0\u00a0\u00a0\u00a0 Filomena Cisternas Mena <\/strong><\/p>\n<p><strong>6\u00a0\u00a0\u00a0\u00a0\u00a0\u00a0 Varinka Zett Moreno<\/strong><\/p>\n<p><strong>\u00a0<\/strong><\/p>\n<p><strong>Comercio<\/strong><\/p>\n<p><strong>N\u00b0\u00a0\u00a0\u00a0\u00a0 NOMBRE<\/strong><\/p>\n<p><strong>1\u00a0\u00a0\u00a0\u00a0\u00a0\u00a0 Tomas Arenas Ortiz <\/strong><\/p>\n<p><strong>2\u00a0\u00a0\u00a0\u00a0\u00a0\u00a0 Ana Santa Ana Concha <\/strong><\/p>\n<p><strong>3\u00a0\u00a0\u00a0\u00a0\u00a0\u00a0 Juana Herrera Y\u00e1\u00f1ez<\/strong><\/p>\n<p><strong>4\u00a0\u00a0\u00a0\u00a0\u00a0\u00a0 Laura Devia Albornoz<\/strong><\/p>\n<p><strong>5\u00a0\u00a0\u00a0\u00a0\u00a0\u00a0 Cecilia Ruiz Sep\u00falveda <\/strong><\/p>\n<p><strong>6\u00a0\u00a0\u00a0\u00a0\u00a0\u00a0 Luisa Veliz Arena <\/strong><\/p>\n<p><strong>7\u00a0\u00a0\u00a0\u00a0\u00a0\u00a0 Daniela S\u00e1nchez Morel<\/strong><\/p>\n<p><strong>8\u00a0\u00a0\u00a0\u00a0\u00a0\u00a0 Linarda Mu\u00f1oz Orme\u00f1o<\/strong><\/p>\n<p><strong>9\u00a0\u00a0\u00a0\u00a0\u00a0\u00a0 Ernesto Yevenes Pe\u00f1ailillo<\/strong><\/p>\n<p><strong>10\u00a0\u00a0\u00a0 Yasna Miranda S\u00e1ez<\/strong><\/p>\n<p><strong>11\u00a0\u00a0\u00a0 Liliana Morel Mu\u00f1oz<\/strong><\/p>\n<p><strong>12\u00a0\u00a0\u00a0 Mar\u00eda Gonz\u00e1lez Gonz\u00e1lez <\/strong><\/p>\n<p><strong>13\u00a0\u00a0\u00a0 Aurora Campos Pino<\/strong><\/p>\n<p><strong>14\u00a0\u00a0\u00a0 Glenda Castillo Ch\u00e1vez <\/strong><\/p>\n<p><strong>15\u00a0\u00a0\u00a0 Patricia Tejo Acevedo<\/strong><\/p>\n<p><strong>16\u00a0\u00a0\u00a0 Asociaci\u00f3n de Funcionarios Municipales <\/strong><\/p>\n<p><strong>17\u00a0\u00a0\u00a0 Elizabeth Donoso La Rosa<\/strong><\/p>\n<p><strong>\u00a0<\/strong><\/p>\n<p><strong>Entretenciones<\/strong><\/p>\n<p><strong>N\u00b0\u00a0\u00a0\u00a0\u00a0 NOMBRE<\/strong><\/p>\n<p><strong>1\u00a0\u00a0\u00a0\u00a0\u00a0\u00a0 Franchesca Wilson Pereira<\/strong><\/p>\n<p><strong>2\u00a0\u00a0\u00a0\u00a0\u00a0\u00a0 Evelyn Melo Melo<\/strong><\/p>\n<p><strong>3\u00a0\u00a0\u00a0\u00a0\u00a0\u00a0 Veronica Cubillos Rivera <\/strong><\/p>\n<p><strong>4\u00a0\u00a0\u00a0\u00a0\u00a0\u00a0 Johnny Rudy Gonz\u00e1lez Plaza<\/strong><\/p>\n<p><strong>5\u00a0\u00a0\u00a0\u00a0\u00a0\u00a0 Cecilia Donoso Bernal <\/strong><\/p>\n<p><strong>6\u00a0\u00a0\u00a0\u00a0\u00a0\u00a0 Sandra San Martin Suarez<\/strong><\/p>\n<p><strong>7\u00a0\u00a0\u00a0\u00a0\u00a0\u00a0 Jenifer Inostroza D\u00edaz<\/strong><\/p>\n<p><strong>8\u00a0\u00a0\u00a0\u00a0\u00a0\u00a0 Marianela Osorio Fuentes <\/strong><\/p>\n<p><strong>9\u00a0\u00a0\u00a0\u00a0\u00a0\u00a0 Fresia Coline Novoa<\/strong><\/p>\n<p><strong>10\u00a0\u00a0\u00a0 Karolina Pizarro Orellana <\/strong><\/p>\n<p><strong>11\u00a0\u00a0\u00a0 Sara Morales Pinchulef<\/strong><\/p>\n<p><strong>12\u00a0\u00a0\u00a0 Mar\u00eda Maturana Ram\u00edrez<\/strong><\/p>\n<p><strong>13\u00a0\u00a0\u00a0 Amalia Bernal Orellana <\/strong><\/p>\n<p><strong>14\u00a0\u00a0\u00a0 Ornela Flores Cisternas<\/strong><\/p>\n<p><strong>15\u00a0\u00a0\u00a0 Claudia N\u00fa\u00f1ez Araya <\/strong><\/p>\n<p><strong>\u00a0<\/strong><\/p>\n<p><strong>Gastronom\u00eda<\/strong><\/p>\n<p><strong>N\u00b0\u00a0\u00a0\u00a0\u00a0 NOMBRE<\/strong><\/p>\n<p><strong>1\u00a0\u00a0\u00a0\u00a0\u00a0\u00a0 Club Deportivo Alianza Quintero<\/strong><\/p>\n<p><strong>2\u00a0\u00a0\u00a0\u00a0\u00a0\u00a0 Club Deportivo Filial Colo Colo<\/strong><\/p>\n<p><strong>3\u00a0\u00a0\u00a0\u00a0\u00a0\u00a0 Junta de Vecinos Normandie <\/strong><\/p>\n<p><strong>4\u00a0\u00a0\u00a0\u00a0\u00a0\u00a0 Junta de Vecinos Alonso de Quintero<\/strong><\/p>\n<p><strong>5\u00a0\u00a0\u00a0\u00a0\u00a0\u00a0 Club Adulto Mayor Reminicencia<\/strong><\/p>\n<p><strong>6\u00a0\u00a0\u00a0\u00a0\u00a0\u00a0 Agrupaci\u00f3n Social Cultural Deportiva Fenix <\/strong><\/p>\n<p><strong>7\u00a0\u00a0\u00a0\u00a0\u00a0\u00a0 Agrupaci\u00f3n Jefas de Hogar <\/strong><\/p>\n<p><strong>8\u00a0\u00a0\u00a0\u00a0\u00a0\u00a0 Erika Pereira Hevia<\/strong><\/p>\n<p><strong>9\u00a0\u00a0\u00a0\u00a0\u00a0\u00a0 Mauro Pinochet Gonz\u00e1lez <\/strong><\/p>\n<p><strong>10\u00a0\u00a0\u00a0 Nataly Ram\u00edrez Garc\u00eda <\/strong><\/p>\n<p><strong>11\u00a0\u00a0\u00a0 Sof\u00eda Villagra Rojas <\/strong><\/p>\n<p><strong>12\u00a0\u00a0\u00a0 Sof\u00eda Constanzo Real<\/strong><\/p>\n<p><strong>13\u00a0\u00a0\u00a0 Rosa Medel Lucero<\/strong><\/p>\n<p><strong>14\u00a0\u00a0\u00a0 Mar\u00eda Bel\u00e9n Veas Figueroa <\/strong><\/p>\n<p><strong>15\u00a0\u00a0\u00a0 Desiree Herrera Collinao<\/strong><\/p>\n<p><strong>16\u00a0\u00a0\u00a0 Katherin Vergara Olivos<\/strong><\/p>\n<p><strong>17\u00a0\u00a0\u00a0 Italia Avil\u00e9s Vargas<\/strong><\/p>\n<p><strong>18\u00a0\u00a0\u00a0 Luis Mu\u00f1oz Donoso <\/strong><\/p>\n<p><strong>19\u00a0\u00a0\u00a0 Sara Lobos Godoy<\/strong><\/p>\n<p><strong>20\u00a0\u00a0\u00a0 Solange Ramirez Silva <\/strong><\/p>\n<p><strong>21\u00a0\u00a0\u00a0 Mar\u00eda Alfaro Cataldo<\/strong><\/p>\n<p><strong>22\u00a0\u00a0\u00a0 Olivia Olgu\u00edn G\u00f3mez <\/strong><\/p>\n<p><strong>23\u00a0\u00a0\u00a0 Yesenia Jeraldo Jeraldo<\/strong><\/p>\n<p><strong>24\u00a0\u00a0\u00a0 Erika Carre\u00f1o Godoy <\/strong><\/p>\n<p><strong>25\u00a0\u00a0\u00a0 Claudia Fuentes Rivera <\/strong><\/p>\n<p><strong>26\u00a0\u00a0\u00a0 Joisi Ramognini Roullier <\/strong><\/p>\n<p><strong>27\u00a0\u00a0\u00a0 Hector Y\u00e1\u00f1ez Maureira<\/strong><\/p>\n<p><strong>28\u00a0\u00a0\u00a0 Catalina Saavedra Urrutia <\/strong><\/p>\n<p><strong>29\u00a0\u00a0\u00a0 Helia Osores Silva <\/strong><\/p>\n<p><strong>30\u00a0\u00a0\u00a0 Beatriz Ponce Escobar<\/strong><\/p>\n<p><strong>31\u00a0\u00a0\u00a0 Javiera Carre\u00f1o Jara <\/strong><\/p>\n<p><strong>32\u00a0\u00a0\u00a0 Ines Weishaupt Hidalgo<\/strong><\/p>\n<p><strong>33\u00a0\u00a0\u00a0 Nicole Astete Alfaro<\/strong><\/p>\n<p><strong>34\u00a0\u00a0\u00a0 Rosa Veas Cisternas <\/strong><\/p>\n<p><strong>35\u00a0\u00a0\u00a0 Jessica Rodr\u00edguez Avalos <\/strong><\/p>\n<p><strong>36\u00a0\u00a0\u00a0 Franco Contreras Salina <\/strong><\/p>\n<p><strong>37\u00a0\u00a0\u00a0 Yudith Bernal Maturana <\/strong><\/p>\n<p><strong>38\u00a0\u00a0\u00a0 Tamara Villagra Cabello<\/strong><\/p>\n<p><strong>39\u00a0\u00a0\u00a0 D\u00e1maso Jamett Estay <\/strong><\/p>\n<p><strong>40\u00a0\u00a0\u00a0 D\u00e9bora Zambra Araya <\/strong><\/p>\n<p><strong>41\u00a0\u00a0\u00a0 Hilda Canales L\u00f3pez <\/strong><\/p>\n<p><strong>42\u00a0\u00a0\u00a0 Viviana Arismendi V\u00e1squez <\/strong><\/p>\n<p><strong>43\u00a0\u00a0\u00a0 Paz Romo Zamora <\/strong><\/p>\n<p><strong>44\u00a0\u00a0\u00a0 Marjorie Necul Salazar <\/strong><\/p>\n<p><strong>45\u00a0\u00a0\u00a0 Karem Cisternas Cisternas <\/strong><\/p>\n<p><strong>46\u00a0\u00a0\u00a0 Amalia Navarrete Mancilla <\/strong><\/p>\n<p><strong>47\u00a0\u00a0\u00a0 Pricilla Guerrero Venegas <\/strong><\/p>\n<p><strong>48\u00a0\u00a0\u00a0 Natalia Madrid Garc\u00eda <\/strong><\/p>\n<p><strong>49\u00a0\u00a0\u00a0 Sandra Ureta Rojas <\/strong><\/p>\n<p><strong>50\u00a0\u00a0\u00a0 Alejandra Vegas Cisternas <\/strong><\/p>\n<p><strong>51\u00a0\u00a0\u00a0 Marta Guzm\u00e1n Salazar <\/strong><\/p>\n<p><strong>52\u00a0\u00a0\u00a0 Orfelia Henriquez Vera <\/strong><\/p>\n<p><strong>53\u00a0\u00a0\u00a0 Javiera Ramos Castro <\/strong><\/p>\n<p><strong>\u00a0<\/strong><\/p>\n","protected":false},"excerpt":{"rendered":"<p>La I. Municipalidad de Quintero informa a la comunidad que luego de realizar el an\u00e1lisis de cada una de las postulaciones para participar de la Fiesta Costumbrista 2017, de acuerdo a las Bases publicadas, las personas e instituciones seleccionadas son las siguientes: Artesan\u00eda N\u00b0\u00a0\u00a0\u00a0\u00a0 NOMBRE 1\u00a0\u00a0\u00a0\u00a0\u00a0\u00a0 Roxana Gonz\u00e1lez Escobar 2\u00a0\u00a0\u00a0\u00a0\u00a0\u00a0 Norma Potos\u00ed Cando 3\u00a0\u00a0\u00a0\u00a0\u00a0\u00a0 Jos\u00e9 [&hellip;]<\/p>\n","protected":false},"author":4,"featured_media":19765,"comment_status":"closed","ping_status":"closed","sticky":false,"template":"","format":"standard","meta":{"wds_primary_category":0,"footnotes":""},"categories":[1,2],"tags":[],"class_list":["post-19764","post","type-post","status-publish","format-standard","has-post-thumbnail","hentry","category-municipalidad","category-noticias"],"_links":{"self":[{"href":"https:\/\/www.muniquintero.cl\/index.php\/wp-json\/wp\/v2\/posts\/19764","targetHints":{"allow":["GET"]}}],"collection":[{"href":"https:\/\/www.muniquintero.cl\/index.php\/wp-json\/wp\/v2\/posts"}],"about":[{"href":"https:\/\/www.muniquintero.cl\/index.php\/wp-json\/wp\/v2\/types\/post"}],"author":[{"embeddable":true,"href":"https:\/\/www.muniquintero.cl\/index.php\/wp-json\/wp\/v2\/users\/4"}],"replies":[{"embeddable":true,"href":"https:\/\/www.muniquintero.cl\/index.php\/wp-json\/wp\/v2\/comments?post=19764"}],"version-history":[{"count":2,"href":"https:\/\/www.muniquintero.cl\/index.php\/wp-json\/wp\/v2\/posts\/19764\/revisions"}],"predecessor-version":[{"id":19767,"href":"https:\/\/www.muniquintero.cl\/index.php\/wp-json\/wp\/v2\/posts\/19764\/revisions\/19767"}],"wp:featuredmedia":[{"embeddable":true,"href":"https:\/\/www.muniquintero.cl\/index.php\/wp-json\/wp\/v2\/media\/19765"}],"wp:attachment":[{"href":"https:\/\/www.muniquintero.cl\/index.php\/wp-json\/wp\/v2\/media?parent=19764"}],"wp:term":[{"taxonomy":"category","embeddable":true,"href":"https:\/\/www.muniquintero.cl\/index.php\/wp-json\/wp\/v2\/categories?post=19764"},{"taxonomy":"post_tag","embeddable":true,"href":"https:\/\/www.muniquintero.cl\/index.php\/wp-json\/wp\/v2\/tags?post=19764"}],"curies":[{"name":"wp","href":"https:\/\/api.w.org\/{rel}","templated":true}]}}